{"id":32827,"date":"2013-09-25T19:04:03","date_gmt":"2013-09-25T17:04:03","guid":{"rendered":"https:\/\/www.tibagroup.com\/comercio-exterior-con-argelia-jornada-informativa\/"},"modified":"2026-01-21T11:08:01","modified_gmt":"2026-01-21T10:08:01","slug":"comercio-exterior-argelia-jornada","status":"publish","type":"post","link":"https:\/\/www.tibagroup.com\/es\/comunicacion\/eventos\/comercio-exterior-argelia-jornada","title":{"rendered":"Comercio exterior con Argelia. Jornada informativa"},"content":{"rendered":"<h2>C\u00e1mara de Comercio de Madrid<\/h2>\n<div id=\"schema_block\">\n<div>\n<div>\n<h2>Argelia: Acceso al mercado y oportunidades de negocio<\/h2>\n<\/div>\n<div><strong>Fecha de celebraci\u00f3n<\/strong>:\u00a014\/10\/2013 09:00 am<\/div>\n<\/div>\n<div><strong>Duraci\u00f3n<\/strong>:\u00a05 horas:<\/div>\n<\/div>\n<h2><strong>Lugar de celebraci\u00f3n<\/strong>:<\/h2>\n<div>\n<div>Camara de Comercio de Madrid.<br \/>\nC\/Ribera del Loira 56-58<\/div>\n<div>Madrid<\/div>\n<div>28042<\/div>\n<div>Espa\u00f1a<\/div>\n<h3>Descripci\u00f3n de la jornada<\/h3>\n<div>\n<p>Argelia tiene la consideraci\u00f3n de pa\u00eds prioritario en las relaciones internacionales de Espa\u00f1a por su importancia geopol\u00edtica, proximidad geogr\u00e1fica y papel fundamental en nuestra estrategia energ\u00e9tica. Su econom\u00eda, con una previsi\u00f3n de crecimiento para los pr\u00f3ximos tres a\u00f1os superior al 4% seg\u00fan el FMI, presenta un gran potencial y numerosos planes de modernizaci\u00f3n y mejora en pr\u00e1cticamente todos los sectores, lo que se traduce en numerosas oportunidades de negocio para las empresas.<\/p>\n<p>Con esta jornada se quiere presentar las oportunidades para las empresas espa\u00f1olas en Argelia y c\u00f3mo acceder al mercado.<\/p>\n<\/div>\n<\/div>\n<table width=\"100%\">\n<tbody>\n<tr valign=\"top\">\n<td><strong>9:00<\/strong><\/td>\n<td><strong>Recepci\u00f3n de asistentes<\/strong><\/td>\n<\/tr>\n<tr>\n<td valign=\"top\"><strong>9:30<\/strong><\/td>\n<td><strong>Apertura<\/strong>Representante de la C\u00e1mara de Comercio e Industria de Madrid<\/td>\n<\/tr>\n<tr valign=\"top\">\n<td><strong>9:40<\/strong><\/td>\n<td><strong>Oportunidades de negocio en Argelia: sectores prioritarios<\/strong><strong>\u00a0<em>D. Taha Bechir Bencherif<\/em><\/strong>Oficina Econ\u00f3mica y Comercial de la Embajada de Argelia en Espa\u00f1a<\/td>\n<\/tr>\n<tr valign=\"top\">\n<td><strong>10:00<\/strong><\/td>\n<td><strong>Acceso al mercado a trav\u00e9s de la inversi\u00f3n:<\/strong><\/p>\n<ul>\n<li><strong>Marco Legal aspectos claves a considerar<\/strong><\/li>\n<li><strong>Incentivos Fiscales en Espa\u00f1a que optimizan la implantaci\u00f3n en el exterior<\/strong><\/li>\n<\/ul>\n<p><strong><em>D. Javier Seij\u00f3<\/em><\/strong><\/p>\n<p>Socio Director Fiscal de G\u00f3mez-Acebo &amp; Pombo Abogados<\/td>\n<\/tr>\n<tr valign=\"top\">\n<td><strong>10:45<\/strong><\/td>\n<td><strong>Experiencias aduaneras y gesti\u00f3n portuaria en Argelia<\/strong><\/p>\n<ul>\n<li><strong>Transporte Espa\u00f1a-Argelia posibles\u00a0\u00a0opciones<\/strong><\/li>\n<li><strong>Documentaci\u00f3n e importaci\u00f3n en Argelia<\/strong><\/li>\n<\/ul>\n<p><strong><em>D. Javier Romeu<\/em><\/strong><\/p>\n<p>Director Internacional de TIBA. Grupo Romeu<\/p>\n<p><strong><em>D. Lahcen Loukili<\/em><\/strong><\/p>\n<p>Director de TIBA Argelia, Grupo Romeu<\/td>\n<\/tr>\n<tr valign=\"top\">\n<td><strong>11:15<\/strong><\/td>\n<td><strong>Coloquio y clausura<\/strong><strong>Caf\u00e9 networking<\/strong><\/td>\n<\/tr>\n<tr valign=\"top\">\n<td><strong>12:00 a 14:00<\/strong><\/td>\n<td><strong>Reuniones individuales con los ponentes: TIBA y G\u00f3mez-Acebo &amp; Pombo<\/strong>(Solicitud y confirmaci\u00f3n por e-mail\u00a0<a href=\"mailto:cex.promoci%C3%B3n2@camaramadrid.es\">cex.promoci\u00f3n2@camaramadrid.es<\/a>\u00a0)<\/td>\n<\/tr>\n<\/tbody>\n<\/table>\n<p style=\"text-align: center;\">Aforo limitado<\/p>\n<h2>C\u00f3mo llegar<\/h2>\n<p>CAMARA DE COMERCIO DE MADRID<br \/>\nSede Central<br \/>\nC\/Ribera del Loira 56-58, 28042 Madrid<\/p>\n<h2><iframe loading=\"lazy\" src=\"https:\/\/maps.google.es\/maps?ie=UTF8&amp;cid=2407290945441335326&amp;q=C%C3%A1mara+de+Comercio+de+Madrid&amp;gl=ES&amp;hl=es&amp;t=m&amp;ll=40.461185,-3.619351&amp;spn=0.014693,0.031071&amp;z=15&amp;iwloc=A&amp;output=embed\" width=\"725\" height=\"450\" frameborder=\"0\" marginwidth=\"0\" marginheight=\"0\" scrolling=\"no\"><\/iframe><\/h2>\n<p><small><a href=\"https:\/\/maps.google.es\/maps?ie=UTF8&amp;cid=2407290945441335326&amp;q=C%C3%A1mara+de+Comercio+de+Madrid&amp;gl=ES&amp;hl=es&amp;t=m&amp;ll=40.461185,-3.619351&amp;spn=0.014693,0.031071&amp;z=15&amp;iwloc=A&amp;source=embed\">Ver mapa m\u00e1s grande<\/a><\/small><\/p>\n<p><strong>Informaci\u00f3n de contacto en la C\u00e1mara de Comercio de Madrid:<\/strong><\/p>\n<p>T: 91-538 35 00<br \/>\nCorreo electr\u00f3nico:\u00a0<a href=\"mailto:camara@camaramadrid.es\">camara@camaramadrid.es<\/a><br \/>\nweb:\u00a0<a href=\"https:\/\/www.camaramadrid.es\/\" target=\"_blank\" rel=\"nofollow noopener noreferrer\">C\u00e1mara de comercio de Madrid<\/a><\/p>\n<div><\/div>\n<h2>Nuestra participaci\u00f3n<\/h2>\n<div style=\"text-align: center;\"><iframe loading=\"lazy\" data-cookieconsent=\"statistics, marketing\" data-src=\"https:\/\/www.slideshare.net\/slideshow\/embed_code\/27165237\" width=\"427\" height=\"356\" frameborder=\"0\" marginwidth=\"0\" marginheight=\"0\" scrolling=\"no\"><\/iframe><div class=\"cookieconsent-optout-statistics cookieconsent-optout-marketing\">Please accept <a href=\"javascript:Cookiebot.renew()\">statistics, marketing<\/a> cookies to watch this video.<\/div><\/div>\n<div>\n<p><strong><a title=\"Comercio exterior con Argelia- Jornada en C\u00e1mara Madrid\" href=\"https:\/\/www.slideshare.net\/tibainternacional\/tiba-cmara-madrid-exportar-a-argelia\" target=\"_blank\" rel=\"nofollow noopener noreferrer\">Comercio exterior con Argelia- Jornada en C\u00e1mara Madrid<\/a>\u00a0<\/strong>from\u00a0<strong><a href=\"http:\/\/www.slideshare.net\/tibainternacional\" target=\"_blank\" rel=\"nofollow noopener noreferrer\">Tiba Internacional<\/a><\/strong><\/p>\n<\/div>\n<hr \/>\n<h2><\/h2>\n<p><em>Te puede resultar interesante el siguiente art\u00edculo de nuestro blog:\u00a0<a href=\"\/es\/comercio-internacional\/exportar\/desde-espana-a-argelia\">Exportar a Argelia: tres leyes importantes<\/a>\u00a0en \u00e9l exponemos algunos conceptos importantes para la exportaci\u00f3n entre Espa\u00f1a y Argelia<\/em>.<\/p>\n<h2><\/h2>\n<hr \/>\n<h2><img decoding=\"async\" class=\"size-full wp-image-32836 aligncenter\" src=\"https:\/\/www.tibagroup.com\/wp-content\/uploads\/2023\/11\/6331898957_f5d0872a07_z.jpg\" alt=\"\" width=\"640\" height=\"239\" srcset=\"https:\/\/www.tibagroup.com\/wp-content\/uploads\/2023\/11\/6331898957_f5d0872a07_z.jpg 640w, https:\/\/www.tibagroup.com\/wp-content\/uploads\/2023\/11\/6331898957_f5d0872a07_z-300x112.jpg 300w\" sizes=\"(max-width: 640px) 100vw, 640px\" \/><\/h2>\n<div style=\"text-align: center;\"><a title=\"La grande post Panoramic BW por aabroudj, en Flickr\" href=\"http:\/\/www.flickr.com\/photos\/abroudj\/6331898957\/\"><br \/>\n<\/a>Photo by\u00a0<a href=\"http:\/\/www.flickr.com\/photos\/abroudj\/\" rel=\"nofollow\">Abderrahmane Abroudjameur<\/a><\/div>\n","protected":false},"excerpt":{"rendered":"<p>Te invitamos a la jornada informativa sobre comercio exterior con Argelia que se celebrar\u00e1 en la C\u00e1mara de Comercio de Madrid con nuestra participaci\u00f3n. No te la pierdas si tienes intenci\u00f3n de realizar negocios con este pa\u00eds vecino.<\/p>\n","protected":false},"author":2,"featured_media":32828,"comment_status":"open","ping_status":"closed","sticky":false,"template":"","format":"standard","meta":{"footnotes":""},"categories":[327],"tags":[780,805],"class_list":["post-32827","post","type-post","status-publish","format-standard","has-post-thumbnail","hentry","category-eventos","tag-argelia","tag-espana"],"yoast_head":"<!-- This site is optimized with the Yoast SEO plugin v27.4 - https:\/\/yoast.com\/product\/yoast-seo-wordpress\/ -->\n<title>Comercio exterior con Argelia. Jornada informativa - TIBA<\/title>\n<meta name=\"description\" content=\"Te invitamos a la jornada informativa sobre comercio exterior con Argelia que se celebrar\u00e1 en la C\u00e1mara de Comercio de Madrid con nuestra participaci\u00f3n. No te la pierdas si tienes intenci\u00f3n de realizar negocios con este pa\u00eds vecino.\" \/>\n<meta name=\"robots\" content=\"index, follow, max-snippet:-1, max-image-preview:large, max-video-preview:-1\" \/>\n<link rel=\"canonical\" href=\"https:\/\/www.tibagroup.com\/es\/comunicacion\/eventos\/comercio-exterior-argelia-jornada\" \/>\n<meta property=\"og:locale\" content=\"es_ES\" \/>\n<meta property=\"og:type\" content=\"article\" \/>\n<meta property=\"og:title\" content=\"Comercio exterior con Argelia. Jornada informativa - TIBA\" \/>\n<meta property=\"og:description\" content=\"Te invitamos a la jornada informativa sobre comercio exterior con Argelia que se celebrar\u00e1 en la C\u00e1mara de Comercio de Madrid con nuestra participaci\u00f3n. No te la pierdas si tienes intenci\u00f3n de realizar negocios con este pa\u00eds vecino.\" \/>\n<meta property=\"og:url\" content=\"https:\/\/www.tibagroup.com\/es\/comunicacion\/eventos\/comercio-exterior-argelia-jornada\" \/>\n<meta property=\"og:site_name\" content=\"TIBA\" \/>\n<meta property=\"article:published_time\" content=\"2013-09-25T17:04:03+00:00\" \/>\n<meta property=\"article:modified_time\" content=\"2026-01-21T10:08:01+00:00\" \/>\n<meta property=\"og:image\" content=\"https:\/\/www.tibagroup.com\/wp-content\/uploads\/2023\/11\/07-camara-madrid_292024015.jpg\" \/>\n\t<meta property=\"og:image:width\" content=\"500\" \/>\n\t<meta property=\"og:image:height\" content=\"404\" \/>\n\t<meta property=\"og:image:type\" content=\"image\/jpeg\" \/>\n<meta name=\"author\" content=\"TIBA\" \/>\n<meta name=\"twitter:card\" content=\"summary_large_image\" \/>\n<meta name=\"twitter:creator\" content=\"@eaguado\" \/>\n<meta name=\"twitter:label1\" content=\"Written by\" \/>\n\t<meta name=\"twitter:data1\" content=\"TIBA\" \/>\n\t<meta name=\"twitter:label2\" content=\"Est. reading time\" \/>\n\t<meta name=\"twitter:data2\" content=\"2 minutes\" \/>\n<!-- \/ Yoast SEO plugin. -->","yoast_head_json":{"title":"Comercio exterior con Argelia. Jornada informativa - TIBA","description":"Te invitamos a la jornada informativa sobre comercio exterior con Argelia que se celebrar\u00e1 en la C\u00e1mara de Comercio de Madrid con nuestra participaci\u00f3n. No te la pierdas si tienes intenci\u00f3n de realizar negocios con este pa\u00eds vecino.","robots":{"index":"index","follow":"follow","max-snippet":"max-snippet:-1","max-image-preview":"max-image-preview:large","max-video-preview":"max-video-preview:-1"},"canonical":"https:\/\/www.tibagroup.com\/es\/comunicacion\/eventos\/comercio-exterior-argelia-jornada","og_locale":"es_ES","og_type":"article","og_title":"Comercio exterior con Argelia. Jornada informativa - TIBA","og_description":"Te invitamos a la jornada informativa sobre comercio exterior con Argelia que se celebrar\u00e1 en la C\u00e1mara de Comercio de Madrid con nuestra participaci\u00f3n. No te la pierdas si tienes intenci\u00f3n de realizar negocios con este pa\u00eds vecino.","og_url":"https:\/\/www.tibagroup.com\/es\/comunicacion\/eventos\/comercio-exterior-argelia-jornada","og_site_name":"TIBA","article_published_time":"2013-09-25T17:04:03+00:00","article_modified_time":"2026-01-21T10:08:01+00:00","og_image":[{"width":500,"height":404,"url":"https:\/\/www.tibagroup.com\/wp-content\/uploads\/2023\/11\/07-camara-madrid_292024015.jpg","type":"image\/jpeg"}],"author":"TIBA","twitter_card":"summary_large_image","twitter_creator":"@eaguado","twitter_misc":{"Written by":"TIBA","Est. reading time":"2 minutes"},"schema":{"@context":"https:\/\/schema.org","@graph":[{"@type":"Article","@id":"https:\/\/www.tibagroup.com\/es\/comunicacion\/eventos\/comercio-exterior-argelia-jornada#article","isPartOf":{"@id":"https:\/\/www.tibagroup.com\/es\/comunicacion\/eventos\/comercio-exterior-argelia-jornada"},"author":{"name":"TIBA","@id":"https:\/\/www.tibagroup.com\/es#\/schema\/person\/05c092dcc51b7a515503f3d10c916094"},"headline":"Comercio exterior con Argelia. Jornada informativa","datePublished":"2013-09-25T17:04:03+00:00","dateModified":"2026-01-21T10:08:01+00:00","mainEntityOfPage":{"@id":"https:\/\/www.tibagroup.com\/es\/comunicacion\/eventos\/comercio-exterior-argelia-jornada"},"wordCount":402,"commentCount":0,"publisher":{"@id":"https:\/\/www.tibagroup.com\/es#organization"},"image":{"@id":"https:\/\/www.tibagroup.com\/es\/comunicacion\/eventos\/comercio-exterior-argelia-jornada#primaryimage"},"thumbnailUrl":"https:\/\/www.tibagroup.com\/wp-content\/uploads\/2023\/11\/07-camara-madrid_292024015.jpg","keywords":["Argelia","Espa\u00f1a"],"articleSection":["Eventos"],"inLanguage":"es","potentialAction":[{"@type":"CommentAction","name":"Comment","target":["https:\/\/www.tibagroup.com\/es\/comunicacion\/eventos\/comercio-exterior-argelia-jornada#respond"]}]},{"@type":"WebPage","@id":"https:\/\/www.tibagroup.com\/es\/comunicacion\/eventos\/comercio-exterior-argelia-jornada","url":"https:\/\/www.tibagroup.com\/es\/comunicacion\/eventos\/comercio-exterior-argelia-jornada","name":"Comercio exterior con Argelia. Jornada informativa - TIBA","isPartOf":{"@id":"https:\/\/www.tibagroup.com\/es#website"},"primaryImageOfPage":{"@id":"https:\/\/www.tibagroup.com\/es\/comunicacion\/eventos\/comercio-exterior-argelia-jornada#primaryimage"},"image":{"@id":"https:\/\/www.tibagroup.com\/es\/comunicacion\/eventos\/comercio-exterior-argelia-jornada#primaryimage"},"thumbnailUrl":"https:\/\/www.tibagroup.com\/wp-content\/uploads\/2023\/11\/07-camara-madrid_292024015.jpg","datePublished":"2013-09-25T17:04:03+00:00","dateModified":"2026-01-21T10:08:01+00:00","description":"Te invitamos a la jornada informativa sobre comercio exterior con Argelia que se celebrar\u00e1 en la C\u00e1mara de Comercio de Madrid con nuestra participaci\u00f3n. No te la pierdas si tienes intenci\u00f3n de realizar negocios con este pa\u00eds vecino.","breadcrumb":{"@id":"https:\/\/www.tibagroup.com\/es\/comunicacion\/eventos\/comercio-exterior-argelia-jornada#breadcrumb"},"inLanguage":"es","potentialAction":[{"@type":"ReadAction","target":["https:\/\/www.tibagroup.com\/es\/comunicacion\/eventos\/comercio-exterior-argelia-jornada"]}]},{"@type":"ImageObject","inLanguage":"es","@id":"https:\/\/www.tibagroup.com\/es\/comunicacion\/eventos\/comercio-exterior-argelia-jornada#primaryimage","url":"https:\/\/www.tibagroup.com\/wp-content\/uploads\/2023\/11\/07-camara-madrid_292024015.jpg","contentUrl":"https:\/\/www.tibagroup.com\/wp-content\/uploads\/2023\/11\/07-camara-madrid_292024015.jpg","width":500,"height":404},{"@type":"BreadcrumbList","@id":"https:\/\/www.tibagroup.com\/es\/comunicacion\/eventos\/comercio-exterior-argelia-jornada#breadcrumb","itemListElement":[{"@type":"ListItem","position":1,"name":"In\u00edcio","item":"https:\/\/www.tibagroup.com\/es\/agente-carga-operador-logistico"},{"@type":"ListItem","position":2,"name":"Comunicaci\u00f3n y prensa","item":"https:\/\/www.tibagroup.com\/es\/comunicacion"},{"@type":"ListItem","position":3,"name":"Eventos","item":"https:\/\/www.tibagroup.com\/es\/comunicacion\/eventos"},{"@type":"ListItem","position":4,"name":"Comercio exterior con Argelia. Jornada informativa"}]},{"@type":"WebSite","@id":"https:\/\/www.tibagroup.com\/es#website","url":"https:\/\/www.tibagroup.com\/es","name":"TIBA","description":"Log\u00edstica y transporte internacional.","publisher":{"@id":"https:\/\/www.tibagroup.com\/es#organization"},"potentialAction":[{"@type":"SearchAction","target":{"@type":"EntryPoint","urlTemplate":"https:\/\/www.tibagroup.com\/es?s={search_term_string}"},"query-input":{"@type":"PropertyValueSpecification","valueRequired":true,"valueName":"search_term_string"}}],"inLanguage":"es"},{"@type":"Organization","@id":"https:\/\/www.tibagroup.com\/es#organization","name":"TIBA","url":"https:\/\/www.tibagroup.com\/es","logo":{"@type":"ImageObject","inLanguage":"es","@id":"https:\/\/www.tibagroup.com\/es#\/schema\/logo\/image\/","url":"https:\/\/www.tibagroup.com\/wp-content\/uploads\/2024\/02\/logo-web-TIBA.png","contentUrl":"https:\/\/www.tibagroup.com\/wp-content\/uploads\/2024\/02\/logo-web-TIBA.png","width":352,"height":116,"caption":"TIBA"},"image":{"@id":"https:\/\/www.tibagroup.com\/es#\/schema\/logo\/image\/"}},{"@type":"Person","@id":"https:\/\/www.tibagroup.com\/es#\/schema\/person\/05c092dcc51b7a515503f3d10c916094","name":"TIBA","image":{"@type":"ImageObject","inLanguage":"es","@id":"https:\/\/secure.gravatar.com\/avatar\/fe41478412b0c43764499979d851fae89a1f174100b1c19a55e15c00fde1851d?s=96&d=mm&r=g","url":"https:\/\/secure.gravatar.com\/avatar\/fe41478412b0c43764499979d851fae89a1f174100b1c19a55e15c00fde1851d?s=96&d=mm&r=g","contentUrl":"https:\/\/secure.gravatar.com\/avatar\/fe41478412b0c43764499979d851fae89a1f174100b1c19a55e15c00fde1851d?s=96&d=mm&r=g","caption":"TIBA"},"sameAs":["https:\/\/x.com\/eaguado"]}]}},"_links":{"self":[{"href":"https:\/\/www.tibagroup.com\/es\/wp-json\/wp\/v2\/posts\/32827","targetHints":{"allow":["GET"]}}],"collection":[{"href":"https:\/\/www.tibagroup.com\/es\/wp-json\/wp\/v2\/posts"}],"about":[{"href":"https:\/\/www.tibagroup.com\/es\/wp-json\/wp\/v2\/types\/post"}],"author":[{"embeddable":true,"href":"https:\/\/www.tibagroup.com\/es\/wp-json\/wp\/v2\/users\/2"}],"replies":[{"embeddable":true,"href":"https:\/\/www.tibagroup.com\/es\/wp-json\/wp\/v2\/comments?post=32827"}],"version-history":[{"count":6,"href":"https:\/\/www.tibagroup.com\/es\/wp-json\/wp\/v2\/posts\/32827\/revisions"}],"predecessor-version":[{"id":74677,"href":"https:\/\/www.tibagroup.com\/es\/wp-json\/wp\/v2\/posts\/32827\/revisions\/74677"}],"wp:featuredmedia":[{"embeddable":true,"href":"https:\/\/www.tibagroup.com\/es\/wp-json\/wp\/v2\/media\/32828"}],"wp:attachment":[{"href":"https:\/\/www.tibagroup.com\/es\/wp-json\/wp\/v2\/media?parent=32827"}],"wp:term":[{"taxonomy":"category","embeddable":true,"href":"https:\/\/www.tibagroup.com\/es\/wp-json\/wp\/v2\/categories?post=32827"},{"taxonomy":"post_tag","embeddable":true,"href":"https:\/\/www.tibagroup.com\/es\/wp-json\/wp\/v2\/tags?post=32827"}],"curies":[{"name":"wp","href":"https:\/\/api.w.org\/{rel}","templated":true}]}}